{"id":203,"date":"2026-08-12T21:16:30","date_gmt":"2026-08-12T21:16:30","guid":{"rendered":"https:\/\/maiconsolucoeseletricas.com.br\/blog\/?p=203"},"modified":"2026-08-13T21:32:16","modified_gmt":"2026-08-13T21:32:16","slug":"divisoria-de-drywall-em-bh","status":"publish","type":"post","link":"https:\/\/maiconsolucoeseletricas.com.br\/blog\/divisoria-de-drywall-em-bh\/","title":{"rendered":"Divis\u00f3ria de Drywall em BH e Regi\u00e3o"},"content":{"rendered":"\n<p class=\"wp-block-paragraph\">Projetar e executar reformas residenciais, comerciais ou corporativas na Regi\u00e3o Metropolitana de Belo Horizonte \u2014 cobrindo bairros como Lourdes, Savassi, Belvedere, Buritis, Castelo e Vila da Serra \u2014 exige solu\u00e7\u00f5es construtivas que combinem velocidade, limpeza e rigor t\u00e9cnico. No cen\u00e1rio arquitet\u00f4nico atual, a <strong>divis\u00f3ria de drywall<\/strong> (sistema de veda\u00e7\u00e3o vertical interna em gesso acartonado) consolidou-se como a tecnologia padr\u00e3o para substitui\u00e7\u00e3o das paredes de alvenaria convencional.<\/p>\n\n\n\n<p class=\"wp-block-paragraph\">Enquanto a alvenaria tradicional demanda corte de tijolos, uso de argamassa e reboco, consumo elevado de \u00e1gua e longos per\u00edodos de cura, o sistema construtivo a seco (<em>drywall<\/em>) oferece uma execu\u00e7\u00e3o at\u00e9 60% mais r\u00e1pida, com gera\u00e7\u00e3o m\u00ednima de res\u00edduos e redu\u00e7\u00e3o de peso sobre as lajes dos edif\u00edcios de at\u00e9 86%. Essa redu\u00e7\u00e3o de carga \u00e9 vital para reformas em edif\u00edcios no Centro e na Funcion\u00e1rios em BH, onde o al\u00edvio estrutural evita sobrecargas em vigas e pilares.<\/p>\n\n\n\n<p class=\"wp-block-paragraph\">Contudo, a simplicidade visual de uma parede de gesso pronta esconde uma engenharia rigorosa de perfis met\u00e1licos, fixadores, juntas e mantas termoac\u00fasticas. Para que a divis\u00f3ria de drywall cumpra seu papel com durabilidade de d\u00e9cadas, sem trincas ou problemas de umidade, \u00e9 indispens\u00e1vel selecionar corretamente a tipologia da chapa e seguir as normas da ABNT. Neste guia t\u00e9cnico completo, voc\u00ea entender\u00e1 os aspectos essenciais para a especifica\u00e7\u00e3o e execu\u00e7\u00e3o impec\u00e1vel de divis\u00f3rias de drywall em Belo Horizonte e regi\u00e3o.<\/p>\n\n\n\n<h2 class=\"wp-block-heading\">O Que \u00c9 o Sistema de Divis\u00f3ria em Drywall e Seus Componentes<\/h2>\n\n\n\n<p class=\"wp-block-paragraph\">O drywall n\u00e3o \u00e9 apenas uma &#8220;parede de gesso&#8221;, mas sim um sistema construtivo multicamadas. Sua estrutura \u00e9 composta por uma ossatura interna de perfis leves de a\u00e7o galvanizado, fixada ao piso, teto e paredes. Sobre essa estrutura, s\u00e3o parafusadas as chapas de gesso acartonado industrializadas. Os espa\u00e7os vazios internos (entreforro) s\u00e3o utilizados para a passagem de tubula\u00e7\u00f5es el\u00e9tricas, hidr\u00e1ulicas, cabos de dados e mantas de isolamento termoac\u00fastico.<\/p>\n\n\n\n<p class=\"wp-block-paragraph\">Os componentes fundamentais que constituem uma divis\u00f3ria de alta performance incluem:<\/p>\n\n\n\n<ul class=\"wp-block-list\">\n<li><strong>Perfis Met\u00e1licos Galvanizados:<\/strong> Fabricados em a\u00e7o zincado de 0,50mm para resistir \u00e0 corros\u00e3o, divididos em Guias (perfil horizontal em U) e Montantes (perfil vertical em C).<\/li>\n\n\n\n<li><strong>Chapas de Gesso Acartonado:<\/strong> Placas formadas por n\u00facleo de gesso di-hidratado aditivado, revestido por cart\u00e3o duplex de alta resist\u00eancia mec\u00e2nica \u00e0 tra\u00e7\u00e3o e flex\u00e3o.<\/li>\n\n\n\n<li><strong>Fixadores e Parafusos:<\/strong> Parafusos autoperfurantes fosfatados (tipo TA para fixa\u00e7\u00e3o de placa no perfil e tipo TP para jun\u00e7\u00e3o perfil com perfil) com tratamento anticorrosivo.<\/li>\n\n\n\n<li><strong>Massa e Fita para Tratamento de Juntas:<\/strong> Conjunto formado por massa \u00e0 base de gesso\/resinas e fita de papel Kraft microperfurado, projetados para absorver as micro-movimenta\u00e7\u00f5es t\u00e9rmicas do sistema sem fissurar.<\/li>\n\n\n\n<li><strong>Banda Ac\u00fastica:<\/strong> Fita de espuma elastom\u00e9rica adesivada aplicada no verso dos perfis perif\u00e9ricos em contato com a alvenaria, bloqueando pontes de vibra\u00e7\u00e3o e pontes ac\u00fasticas.<\/li>\n<\/ul>\n\n\n\n<h2 class=\"wp-block-heading\">Guia T\u00e9cnico de Tipos de Chapas: Especifica\u00e7\u00e3o ST, RU e RF<\/h2>\n\n\n\n<p class=\"wp-block-paragraph\">A especifica\u00e7\u00e3o incorreta da placa de drywall \u00e9 a principal causa de patologias em reformas residenciais e comerciais em Belo Horizonte. Todas as chapas utilizadas na obra devem estar em conformidade com a norma <strong>ABNT NBR 14715<\/strong>. Conhe\u00e7a as especifica\u00e7\u00f5es de cada tipo:<\/p>\n\n\n\n<h3 class=\"wp-block-heading\">1. Chapa Standard (ST) \u2013 Cor do Cart\u00e3o: Branca \/ Cinza<\/h3>\n\n\n\n<p class=\"wp-block-paragraph\">A chapa ST \u00e9 a solu\u00e7\u00e3o padr\u00e3o para aplica\u00e7\u00e3o em \u00e1reas secas internas. \u00c9 o modelo mais utilizado na cria\u00e7\u00e3o de divis\u00f3rias corporativas, fechamento de quartos, salas, halls, closets e escrit\u00f3rios em drywall.<\/p>\n\n\n\n<ul class=\"wp-block-list\">\n<li><strong>Composi\u00e7\u00e3o:<\/strong> N\u00facleo de gesso natural revestido por cart\u00e3o duplex.<\/li>\n\n\n\n<li><strong>Espessuras Comerciais:<\/strong> 12,5mm (padr\u00e3o para paredes e forros) e 15mm (indicada para locais de maior rigidez mec\u00e2nica).<\/li>\n\n\n\n<li><strong>Aplica\u00e7\u00e3o Pr\u00e1tica:<\/strong> Paredes internas de veda\u00e7\u00e3o em \u00e1reas secas. Excelente base para pintura l\u00e1tex, acr\u00edlica, textura ou pap\u00e9is de parede decorativos.<\/li>\n<\/ul>\n\n\n\n<h3 class=\"wp-block-heading\">2. Chapa Resistente \u00e0 Umidade (RU) \u2013 Cor do Cart\u00e3o: Verde<\/h3>\n\n\n\n<p class=\"wp-block-paragraph\">Popularmente conhecida como &#8220;chapa verde&#8221;, a chapa RU \u00e9 especialmente formulada para aplica\u00e7\u00e3o em \u00e1reas \u00famidas intercaladas, tais como banheiros, lavabos, cozinhas, lavanderias e \u00e1reas de servi\u00e7o.<\/p>\n\n\n\n<ul class=\"wp-block-list\">\n<li><strong>Composi\u00e7\u00e3o:<\/strong> O miolo de gesso recebe aditivos hidrofugantes e silicone, reduzindo a absor\u00e7\u00e3o de \u00e1gua por capilaridade. O cart\u00e3o duplex tamb\u00e9m recebe tratamento antif\u00fangico.<\/li>\n\n\n\n<li><strong>Aten\u00e7\u00e3o Crucial de Execu\u00e7\u00e3o:<\/strong> A chapa RU \u00e9 resistente \u00e0 umidade, mas <strong>n\u00e3o \u00e9 \u00e0 prova d&#8217;\u00e1gua<\/strong>. Em superf\u00edcies expostas a jatos d&#8217;\u00e1gua (como a \u00e1rea interna do box do banheiro), \u00e9 obrigat\u00f3ria a impermeabiliza\u00e7\u00e3o pr\u00e9via da chapa antes do assentamento de azulejos ou porcelanatos.<\/li>\n<\/ul>\n\n\n\n<h3 class=\"wp-block-heading\">3. Chapa Resistente ao Fogo (RF) \u2013 Cor do Cart\u00e3o: Rosa \/ Vermelha<\/h3>\n\n\n\n<p class=\"wp-block-paragraph\">Conhecida como &#8220;chapa rosa&#8221;, a placa RF \u00e9 desenvolvida para ambientes que exigem prote\u00e7\u00e3o passiva contra inc\u00eandio e tempos de resist\u00eancia ao fogo delimitados nos projetos do Corpo de Bombeiros (CBMMG).<\/p>\n\n\n\n<ul class=\"wp-block-list\">\n<li><strong>Composi\u00e7\u00e3o:<\/strong> Seu n\u00facleo cont\u00e9m retardantes de chama, vermiculita expandida e fibras de vidro n\u00e3o inflam\u00e1veis. A fibra de vidro atua como uma armadura tridimensional que segura o gesso coeso mesmo sob altas temperaturas.<\/li>\n\n\n\n<li><strong>Locais de Aplica\u00e7\u00e3o:<\/strong> Cozinhas industriais e residenciais (atr\u00e1s de fog\u00f5es), shafts de tubula\u00e7\u00f5es de g\u00e1s e sa\u00eddas de emerg\u00eancia.<\/li>\n<\/ul>\n\n\n\n<h2 class=\"wp-block-heading\">Tabela Comparativa: As Principais Marcas do Mercado (Gypsum, Placo e Knauf)<\/h2>\n\n\n\n<p class=\"wp-block-paragraph\">No estado de Minas Gerais, o mercado de gesso acartonado \u00e9 dominado por tr\u00eas fabricantes internacionais de grande porte que seguem os par\u00e2metros da norma ABNT NBR 14715. Abaixo, apresentamos um comparativo t\u00e9cnico entre suas linhas de produtos:<\/p>\n\n\n\n<figure class=\"wp-block-table\"><table class=\"has-fixed-layout\"><thead><tr><th>Par\u00e2metro T\u00e9cnico<\/th><th>Gypsum Drywall (Grupo Etex)<\/th><th>Placo (Grupo Saint-Gobain)<\/th><th>Knauf Drywall<\/th><\/tr><\/thead><tbody><tr><td><strong>Linha ST (Seca)<\/strong><\/td><td>Gypsum ST (12,5mm e 15mm)<\/td><td>Placo ST (12,5mm e 15mm)<\/td><td>Knauf ST Standard (12,5mm)<\/td><\/tr><tr><td><strong>Linha RU (Umidade)<\/strong><\/td><td>Gypsum RU Verde Hidrofugada<\/td><td>Placo RU Hidrofugada com Silicone<\/td><td>Knauf RU com Alta Estabilidade<\/td><\/tr><tr><td><strong>Linha RF (Fogo)<\/strong><\/td><td>Gypsum RF Rosa com Fibra de Vidro<\/td><td>Placo RF Resistente ao Fogo<\/td><td>Knauf RF Retardante com Vermiculita<\/td><\/tr><tr><td><strong>Conformidade Normativa<\/strong><\/td><td>ABNT NBR 14715 \/ NBR 15758<\/td><td>ABNT NBR 14715 \/ NBR 15758<\/td><td>ABNT NBR 14715 \/ NBR 15758<\/td><\/tr><tr><td><strong>Diferenciais Pr\u00e1ticos<\/strong><\/td><td>Elevada estabilidade para rasgo de luz e perfis de LED.<\/td><td>Ampla rede de distribui\u00e7\u00e3o em BH e \u00f3tima integra\u00e7\u00e3o com massas.<\/td><td>Cart\u00e3o de corte suave e miolo de gesso altamente homog\u00eaneo.<\/td><\/tr><\/tbody><\/table><\/figure>\n\n\n\n<h2 class=\"wp-block-heading\">A Engenharia Ac\u00fastica e Estrutural das Divis\u00f3rias em Drywall<\/h2>\n\n\n\n<p class=\"wp-block-paragraph\">Um dos maiores mitos sobre o drywall em Belo Horizonte \u00e9 que &#8220;parede de gesso \u00e9 barulhenta&#8221;. Essa percep\u00e7\u00e3o equivocada decorre de instala\u00e7\u00f5es mal executadas por profissionais n\u00e3o qualificados, que omitem a inclus\u00e3o de elementos isolantes no interior da parede.<\/p>\n\n\n\n<p class=\"wp-block-paragraph\">O desempenho ac\u00fastico de uma parede de drywall baseia-se no princ\u00edpio f\u00edsico da <strong>Massa + Mola + Massa<\/strong>:<\/p>\n\n\n\n<ol class=\"wp-block-list\">\n<li><strong>Primeira Massa:<\/strong> A chapa externa de gesso acartonado intercepta a onda sonora a\u00e9rea.<\/li>\n\n\n\n<li><strong>Mola (Cavidade com Ar e L\u00e3):<\/strong> O ar contido entre os perfis met\u00e1licos, combinado com a l\u00e3 mineral, amortece a vibra\u00e7\u00e3o da onda sonora.<\/li>\n\n\n\n<li><strong>Segunda Massa:<\/strong> A chapa oposta de gesso acartonado recebe a onda residual atenuada, reduzindo a transmiss\u00e3o do som.<\/li>\n<\/ol>\n\n\n\n<p class=\"wp-block-paragraph\">Para obter isolamento ac\u00fastico igual ou superior ao de uma parede de alvenaria (cerca de 35 a 38 dB de atenua\u00e7\u00e3o), a cavidade entre os montantes do drywall deve ser preenchida com recheios isolantes:<\/p>\n\n\n\n<ul class=\"wp-block-list\">\n<li><strong>L\u00e3 de Vidro:<\/strong> Fabricada a partir da fus\u00e3o de s\u00edlica e vidro reciclado, possui baix\u00edssima densidade e excelente custo-benef\u00edcio para barrar ru\u00eddos de conversa\u00e7\u00e3o e TV.<\/li>\n\n\n\n<li><strong>L\u00e3 de Rocha:<\/strong> Elaborada a partir de rochas bas\u00e1lticas fundidas, possui maior densidade de fibra. Oferece alta atenua\u00e7\u00e3o de ru\u00eddos graves e resist\u00eancia t\u00e9rmica.<\/li>\n\n\n\n<li><strong>Banda Ac\u00fastica (Aplica\u00e7\u00e3o Obrigat\u00f3ria):<\/strong> Fita aplicada na base das guias e montantes que evita a transmiss\u00e3o indireta do som atrav\u00e9s da vibra\u00e7\u00e3o da estrutura. Sem banda ac\u00fastica, perde-se at\u00e9 10 dB de isolamento.<\/li>\n<\/ul>\n\n\n\n<h2 class=\"wp-block-heading\">Dimensionamento de Perfis Met\u00e1licos e P\u00e9-Direito (NBR 15217)<\/h2>\n\n\n\n<p class=\"wp-block-paragraph\">A estabilidade mec\u00e2nica de uma divis\u00f3ria de drywall depende do correto dimensionamento da largura dos perfis de a\u00e7o galvanizado, que seguem as especifica\u00e7\u00f5es da norma <strong>ABNT NBR 15217<\/strong>. A escolha do perfil correto evita deforma\u00e7\u00f5es na parede:<\/p>\n\n\n\n<figure class=\"wp-block-table\"><table class=\"has-fixed-layout\"><thead><tr><th>Perfil do Montante (Largura)<\/th><th>Configura\u00e7\u00e3o do Chapeamento<\/th><th>Espessura Final da Parede<\/th><th>P\u00e9-Direito M\u00e1ximo Recomendado<\/th><\/tr><\/thead><tbody><tr><td><strong>Montante M-48 (48mm)<\/strong><\/td><td>Simples (1 chapa de cada lado)<\/td><td>73 mm (7,3 cm)<\/td><td>At\u00e9 2,60 metros<\/td><\/tr><tr><td><strong>Montante M-70 (70mm)<\/strong><\/td><td>Simples (1 chapa de cada lado)<\/td><td>95 mm (9,5 cm)<\/td><td>At\u00e9 3,50 metros<\/td><\/tr><tr><td><strong>Montante M-70 (70mm)<\/strong><\/td><td>Duplo (2 chapas de cada lado)<\/td><td>120 mm (12,0 cm)<\/td><td>At\u00e9 4,20 metros<\/td><\/tr><tr><td><strong>Montante M-90 (90mm)<\/strong><\/td><td>Simples (1 chapa de cada lado)<\/td><td>115 mm (11,5 cm)<\/td><td>At\u00e9 4,50 metros<\/td><\/tr><\/tbody><\/table><\/figure>\n\n\n\n<h2 class=\"wp-block-heading\">Passo a Passo da Instala\u00e7\u00e3o Conforme a NBR 15758<\/h2>\n\n\n\n<p class=\"wp-block-paragraph\">A norma <strong>ABNT NBR 15758<\/strong> estabelece as diretrizes completas para a montagem de sistemas de veda\u00e7\u00e3o em chapas de gesso acartonado. O cumprimento destas etapas garante uma parede plana e sem fissuras:<\/p>\n\n\n\n<h3 class=\"wp-block-heading\">Etapa 1: Mapeamento e Marca\u00e7\u00e3o a Laser<\/h3>\n\n\n\n<p class=\"wp-block-paragraph\">Com o aux\u00edlio de um n\u00edvel a laser, marca-se no piso o eixo exato da divis\u00f3ria, transferindo o alinhamento para o teto e paredes laterais para garantir o alinhamento de portas e v\u00e3os.<\/p>\n\n\n\n<h3 class=\"wp-block-heading\">Etapa 2: Aplica\u00e7\u00e3o da Banda Ac\u00fastica e Fixa\u00e7\u00e3o das Guias<\/h3>\n\n\n\n<p class=\"wp-block-paragraph\">Aplica-se a fita elastom\u00e9rica (banda ac\u00fastica) no verso da guia met\u00e1lica. A guia \u00e9 fixada no piso e teto com buchas expansivas e parafusos espa\u00e7ados em at\u00e9 50cm.<\/p>\n\n\n\n<h3 class=\"wp-block-heading\">Etapa 3: Modula\u00e7\u00e3o dos Montantes<\/h3>\n\n\n\n<p class=\"wp-block-paragraph\">Os montantes verticais s\u00e3o encaixados no interior das guias com folga de dila\u00e7\u00e3o de 5mm no topo. O espa\u00e7amento deve ser de 600mm (ou 480mm para maior solicita\u00e7\u00e3o mec\u00e2nica).<\/p>\n\n\n\n<h3 class=\"wp-block-heading\">Etapa 4: Chapeamento e Amarra\u00e7\u00e3o de Juntas<\/h3>\n\n\n\n<p class=\"wp-block-paragraph\">Fixam-se as placas com parafusos autoperfurantes fosfatados (TA 25mm), espa\u00e7ados em at\u00e9 25cm. As juntas entre as placas <strong>nunca devem ser cont\u00ednuas<\/strong> (formando cruz). \u00c9 obrigat\u00f3rio executar a amarra\u00e7\u00e3o de juntas em formato de &#8220;T&#8221;. Nos cantos de portas, a placa deve ser recortada em formato de &#8220;L&#8221; (bandeira) para evitar trincas com a vibra\u00e7\u00e3o do bater da porta.<\/p>\n\n\n\n<h3 class=\"wp-block-heading\">Etapa 5: Infraestrutura Oculta e Refor\u00e7os de Carga<\/h3>\n\n\n\n<p class=\"wp-block-paragraph\">Antes do fechamento do segundo lado, realiza-se a passagem de condu\u00edtes el\u00e9tricos, tubula\u00e7\u00f5es e cabos. Nos pontos com TVs pesadas, arm\u00e1rios de cozinha ou bancadas, instalam-se <strong>refor\u00e7os internos<\/strong> em madeira tratada ou chapas de a\u00e7o nos montantes.<\/p>\n\n\n\n<h3 class=\"wp-block-heading\">Etapa 6: Inser\u00e7\u00e3o do Isolamento Termoac\u00fastico<\/h3>\n\n\n\n<p class=\"wp-block-paragraph\">Encaixam-se as mantas de l\u00e3 de vidro ou l\u00e3 de rocha dentro dos nichos formados pelos montantes, cobrindo 100% da cavidade interna sem frestas.<\/p>\n\n\n\n<h3 class=\"wp-block-heading\">Etapa 7: Fechamento do Segundo Lado e Tratamento de Juntas<\/h3>\n\n\n\n<p class=\"wp-block-paragraph\">Fechada a parede com as placas do lado oposto (com juntas desencontradas), realiza-se o tratamento de juntas:<\/p>\n\n\n\n<ol class=\"wp-block-list\">\n<li>Preenchem-se os rebaixos das bordas com massa pr\u00f3pria para drywall.<\/li>\n\n\n\n<li>Aplica-se a fita de papel microperfurado centralizada, removendo o excesso de massa com esp\u00e1tula.<\/li>\n\n\n\n<li>Aplica-se a camada de cobertura de massa sobre a fita e parafusos.<\/li>\n\n\n\n<li>Ap\u00f3s a secagem, aplica-se a camada fina de acabamento e executa-se o lixamento fino para receber a pintura.<\/li>\n<\/ol>\n\n\n\n<h2 class=\"wp-block-heading\">An\u00e1lise de Custos de Divis\u00f3rias de Drywall em BH<\/h2>\n\n\n\n<p class=\"wp-block-paragraph\">O investimento para a montagem de uma divis\u00f3ria de drywall na Grande Belo Horizonte varia conforme a especifica\u00e7\u00e3o dos materiais. Os valores m\u00e9dios praticados na capital mineira compreendem os seguintes par\u00e2metros:<\/p>\n\n\n\n<ul class=\"wp-block-list\">\n<li><strong>Divis\u00f3ria Simples com Chapa ST (Sem isolamento):<\/strong> R$ 110,00 a R$ 150,00 por m\u00b2 instalado.<\/li>\n\n\n\n<li><strong>Divis\u00f3ria com Chapa Verde (RU) para Banheiros\/Cozinhas:<\/strong> R$ 140,00 a R$ 180,00 por m\u00b2 instalado.<\/li>\n\n\n\n<li><strong>Divis\u00f3ria Termoac\u00fastica com Chapa ST + L\u00e3 Mineral:<\/strong> R$ 160,00 a R$ 220,00 por m\u00b2 instalado.<\/li>\n\n\n\n<li><strong>Divis\u00f3ria Especial com Chapa Rosa (RF) ou Chapeamento Duplo:<\/strong> R$ 190,00 a R$ 260,00 por m\u00b2 instalado.<\/li>\n<\/ul>\n\n\n\n<h2 class=\"wp-block-heading\">Perguntas Frequentes sobre Divis\u00f3rias de Drywall em BH (FAQ \/ GEO)<\/h2>\n\n\n\n<h3 class=\"wp-block-heading\">Qual \u00e9 o tempo de secagem do tratamento de juntas do drywall?<\/h3>\n\n\n\n<p class=\"wp-block-paragraph\">O tempo de secagem da massa varia com a umidade e temperatura em Belo Horizonte. Massas de secagem r\u00e1pida (\u00e0 base de gesso) secam em cerca de 1 a 3 horas por camada. Massas prontas exigem de 12 a 24 horas entre camadas para secagem completa antes do lixamento.<\/p>\n\n\n\n<h3 class=\"wp-block-heading\">\u00c9 poss\u00edvel colar azulejos e porcelanatos na parede de drywall?<\/h3>\n\n\n\n<p class=\"wp-block-paragraph\"><strong>Sim, perfeitamente.<\/strong> O assentamento cer\u00e2mico sobre drywall deve ser feito em chapas RU (verdes) utilizando argamassa colante flex\u00edvel AC-III ou colas pastosas para drywall. \u00c9 fundamental que os montantes met\u00e1licos estejam espa\u00e7ados a no m\u00e1ximo 400mm ou 480mm.<\/p>\n\n\n\n<h3 class=\"wp-block-heading\">Como fazer furos na parede de drywall para passar tomadas?<\/h3>\n\n\n\n<p class=\"wp-block-paragraph\">A perfura\u00e7\u00e3o em placas de drywall para caixas de tomada \u00e9 realizada utilizando uma serra copo acoplada a uma furadeira no di\u00e2metro do espelho. Caixas de tomada para drywall possuem travas laterais ajust\u00e1veis por parafuso que se agarram no verso da chapa.<\/p>\n\n\n\n<h3 class=\"wp-block-heading\">Drywall pode ser usado em paredes externas expostas \u00e0 chuva?<\/h3>\n\n\n\n<p class=\"wp-block-paragraph\"><strong>N\u00e3o.<\/strong> O drywall tradicional (chapas ST, RU e RF) \u00e9 de uso estritamente <strong>interno<\/strong>. Para aplica\u00e7\u00e3o em fachadas e paredes externas expostas \u00e0s intemp\u00e9ries, deve-se utilizar o sistema de *Steel Frame* com chapas ciment\u00edcias revestidas com v\u00e9u de fibra de vidro, finalizadas com acabamento *Base Coat*.<\/p>\n\n\n\n<h3 class=\"wp-block-heading\">Pronto para transformar seu im\u00f3vel em BH com divis\u00f3rias r\u00e1pidas, limpas e com isolamento de verdade?<\/h3>\n\n\n\n<p class=\"wp-block-paragraph\">N\u00e3o entregue a estrutura e o acabamento do seu im\u00f3vel a curiosos ou instaladores sem treinamento nas normas t\u00e9cnicas. Somos especialista em Belo Horizonte e regi\u00e3o metropolitana no planejamento e na montagem de divis\u00f3rias, forros, sancas e solu\u00e7\u00f5es avan\u00e7adas em gesso acartonado.<\/p>\n\n\n\n<p class=\"wp-block-paragraph\">Atendemos clientes residenciais, arquitetos e engenheiros com equipe pr\u00f3pria qualificada, utiliza\u00e7\u00e3o das marcas homologadas Gypsum, Placo e Knauf, ferramentas de alinhamento a laser e rigoroso cumprimento da ABNT NBR 15758.<\/p>\n\n\n\n<p class=\"wp-block-paragraph\">\ud83d\udc49 <strong><a href=\"https:\/\/api.whatsapp.com\/send?phone=5531982514844&amp;text=Ol%C3%A1,%20Maicon!%20Gostaria%20de%20solicitar%20um%20or%C3%A7amento%20para%20servi%C3%A7os%20el%C3%A9tricos.\" target=\"_blank\" rel=\"noopener\">Clique aqui para enviar uma mensagem no nosso WhatsApp oficial<\/a> e solicite uma visita t\u00e9cnica com or\u00e7amento sem compromisso para o seu projeto!<\/strong><\/p>\n\n\n\n<p class=\"wp-block-paragraph\"><\/p>\n","protected":false},"excerpt":{"rendered":"<p>Projetar e executar reformas residenciais, comerciais ou corporativas na Regi\u00e3o Metropolitana de Belo Horizonte \u2014 cobrindo bairros como Lourdes, Savassi, [&hellip;]<\/p>\n","protected":false},"author":1,"featured_media":204,"comment_status":"closed","ping_status":"open","sticky":false,"template":"","format":"standard","meta":{"site-sidebar-layout":"default","site-content-layout":"","ast-site-content-layout":"default","site-content-style":"default","site-sidebar-style":"default","ast-global-header-display":"","ast-banner-title-visibility":"","ast-main-header-display":"","ast-hfb-above-header-display":"","ast-hfb-below-header-display":"","ast-hfb-mobile-header-display":"","site-post-title":"","ast-breadcrumbs-content":"","ast-featured-img":"","footer-sml-layout":"","ast-disable-related-posts":"","theme-transparent-header-meta":"","adv-header-id-meta":"","stick-header-meta":"","header-above-stick-meta":"","header-main-stick-meta":"","header-below-stick-meta":"","astra-migrate-meta-layouts":"default","ast-page-background-enabled":"default","ast-page-background-meta":{"desktop":{"background-color":"var(--ast-global-color-5)","background-image":"","background-repeat":"repeat","background-position":"center center","background-size":"auto","background-attachment":"scroll","background-type":"","background-media":"","overlay-type":"","overlay-color":"","overlay-opacity":"","overlay-gradient":""},"tablet":{"background-color":"","background-image":"","background-repeat":"repeat","background-position":"center center","background-size":"auto","background-attachment":"scroll","background-type":"","background-media":"","overlay-type":"","overlay-color":"","overlay-opacity":"","overlay-gradient":""},"mobile":{"background-color":"","background-image":"","background-repeat":"repeat","background-position":"center center","background-size":"auto","background-attachment":"scroll","background-type":"","background-media":"","overlay-type":"","overlay-color":"","overlay-opacity":"","overlay-gradient":""}},"ast-content-background-meta":{"desktop":{"background-color":"var(--ast-global-color-4)","background-image":"","background-repeat":"repeat","background-position":"center center","background-size":"auto","background-attachment":"scroll","background-type":"","background-media":"","overlay-type":"","overlay-color":"","overlay-opacity":"","overlay-gradient":""},"tablet":{"background-color":"var(--ast-global-color-4)","background-image":"","background-repeat":"repeat","background-position":"center center","background-size":"auto","background-attachment":"scroll","background-type":"","background-media":"","overlay-type":"","overlay-color":"","overlay-opacity":"","overlay-gradient":""},"mobile":{"background-color":"var(--ast-global-color-4)","background-image":"","background-repeat":"repeat","background-position":"center center","background-size":"auto","background-attachment":"scroll","background-type":"","background-media":"","overlay-type":"","overlay-color":"","overlay-opacity":"","overlay-gradient":""}},"footnotes":""},"categories":[1],"tags":[],"class_list":["post-203","post","type-post","status-publish","format-standard","has-post-thumbnail","hentry","category-uncategorized"],"_links":{"self":[{"href":"https:\/\/maiconsolucoeseletricas.com.br\/blog\/wp-json\/wp\/v2\/posts\/203","targetHints":{"allow":["GET"]}}],"collection":[{"href":"https:\/\/maiconsolucoeseletricas.com.br\/blog\/wp-json\/wp\/v2\/posts"}],"about":[{"href":"https:\/\/maiconsolucoeseletricas.com.br\/blog\/wp-json\/wp\/v2\/types\/post"}],"author":[{"embeddable":true,"href":"https:\/\/maiconsolucoeseletricas.com.br\/blog\/wp-json\/wp\/v2\/users\/1"}],"replies":[{"embeddable":true,"href":"https:\/\/maiconsolucoeseletricas.com.br\/blog\/wp-json\/wp\/v2\/comments?post=203"}],"version-history":[{"count":3,"href":"https:\/\/maiconsolucoeseletricas.com.br\/blog\/wp-json\/wp\/v2\/posts\/203\/revisions"}],"predecessor-version":[{"id":252,"href":"https:\/\/maiconsolucoeseletricas.com.br\/blog\/wp-json\/wp\/v2\/posts\/203\/revisions\/252"}],"wp:featuredmedia":[{"embeddable":true,"href":"https:\/\/maiconsolucoeseletricas.com.br\/blog\/wp-json\/wp\/v2\/media\/204"}],"wp:attachment":[{"href":"https:\/\/maiconsolucoeseletricas.com.br\/blog\/wp-json\/wp\/v2\/media?parent=203"}],"wp:term":[{"taxonomy":"category","embeddable":true,"href":"https:\/\/maiconsolucoeseletricas.com.br\/blog\/wp-json\/wp\/v2\/categories?post=203"},{"taxonomy":"post_tag","embeddable":true,"href":"https:\/\/maiconsolucoeseletricas.com.br\/blog\/wp-json\/wp\/v2\/tags?post=203"}],"curies":[{"name":"wp","href":"https:\/\/api.w.org\/{rel}","templated":true}]}}