{"id":285,"date":"2026-08-14T22:27:49","date_gmt":"2026-08-14T22:27:49","guid":{"rendered":"https:\/\/maiconsolucoeseletricas.com.br\/blog\/?p=285"},"modified":"2026-08-14T22:28:33","modified_gmt":"2026-08-14T22:28:33","slug":"eletrica-comercial-bh","status":"publish","type":"post","link":"https:\/\/maiconsolucoeseletricas.com.br\/blog\/eletrica-comercial-bh\/","title":{"rendered":"El\u00e9trica Comercial em Belo Horizonte | Instala\u00e7\u00e3o e Manuten\u00e7\u00e3o"},"content":{"rendered":"\n<h1 class=\"wp-block-heading has-ast-global-color-4-color has-text-color has-link-color wp-elements-1\">Guia Definitivo de Instala\u00e7\u00e3o e Manuten\u00e7\u00e3o El\u00e9trica Comercial em Belo Horizonte: Seguran\u00e7a, Efici\u00eancia e Continuidade das Vendas<\/h1>\n\n\n\n<p class=\"wp-block-paragraph\">Em um cen\u00e1rio empresarial altamente competitivo como o de <strong>Belo Horizonte e Regi\u00e3o Metropolitana<\/strong>, a infraestrutura f\u00edsica de um ponto comercial \u00e9 o alicerce de todo o faturamento. Seja em uma loja de rua no Bairro S\u00e3o Geraldo, em um restaurante movimentado em Lourdes, em uma cl\u00ednica m\u00e9dica na Savassi ou em um galp\u00e3o log\u00edstico em Contagem e Betim, a energia el\u00e9trica n\u00e3o \u00e9 apenas um utilit\u00e1rio b\u00e1sico: ela \u00e9 o motor pulsante que mant\u00e9m sistemas computacionais ativos, pontos de venda (PDVs) operantes, sistemas de climatiza\u00e7\u00e3o em pleno funcionamento e ilumina\u00e7\u00e3o comercial estrat\u00e9gica atraindo clientes.<\/p>\n\n\n\n<p class=\"wp-block-paragraph\">Contudo, a realidade de muitas empresas mineiras ainda \u00e9 marcada por instala\u00e7\u00f5es antigas, quadros el\u00e9tricos subdimensionados, desbalanceamento de fases e aus\u00eancia de manuten\u00e7\u00e3o preventiva. O resultado direto dessa neglig\u00eancia surge em momentos cr\u00edticos: disjuntores desarmando no hor\u00e1rio de pico, queima de equipamentos eletr\u00f4nicos sens\u00edveis, contas de energia exorbitantes por fuga de corrente e, no pior cen\u00e1rio, princ\u00edpios de inc\u00eandio causados por sobrecargas el\u00e9tricas.<\/p>\n\n\n\n<p class=\"wp-block-paragraph\">Neste artigo aprofundado, voc\u00ea entender\u00e1 cada detalhe t\u00e9cnico da <strong>instala\u00e7\u00e3o el\u00e9trica comercial<\/strong>, as exig\u00eancias da norma t\u00e9cnica <strong>NBR 5410 da ABNT<\/strong>, as melhores pr\u00e1ticas de termografia e manuten\u00e7\u00e3o preventiva, al\u00e9m de estrat\u00e9gias de infraestrutura que blindam seu neg\u00f3cio contra paradas operacionais.<\/p>\n\n\n\n<hr class=\"wp-block-separator has-alpha-channel-opacity\"\/>\n\n\n\n<h2 class=\"wp-block-heading\">1. O Impacto Direto da Eletricidade no Fluxo de Vendas e na Experi\u00eancia do Cliente<\/h2>\n\n\n\n<p class=\"wp-block-paragraph\">A arquitetura el\u00e9trica de um com\u00e9rcio difere substancialmente de uma instala\u00e7\u00e3o residencial comum. No ambiente corporativo, a demanda de carga \u00e9 cont\u00ednua, os picos de consumo ocorrem simultaneamente e a toler\u00e2ncia a falhas operacionais \u00e9 nula.<\/p>\n\n\n\n<figure class=\"wp-block-table\"><table class=\"has-fixed-layout\"><thead><tr><th>Instala\u00e7\u00e3o El\u00e9trica Otimizada<\/th><th>Instala\u00e7\u00e3o El\u00e9trica Prec\u00e1ria<\/th><\/tr><\/thead><tbody><tr><td>\u2022 Faturamento cont\u00ednuo sem quedas de rede<\/td><td>\u2022 Queda de sistemas de PDVs e maquininhas de cart\u00e3o<\/td><\/tr><tr><td>\u2022 Climatiza\u00e7\u00e3o est\u00e1vel e constante<\/td><td>\u2022 Disjuntores desarmando no pico do movimento<\/td><\/tr><tr><td>\u2022 Ilumina\u00e7\u00e3o de destaque que valoriza produtos<\/td><td>\u2022 Ambientes escuros, quentes e desconfort\u00e1veis<\/td><\/tr><tr><td>\u2022 Redu\u00e7\u00e3o comprovada na conta de luz<\/td><td>\u2022 Desperd\u00edcio financeiro por aquecimento de fia\u00e7\u00e3o<\/td><\/tr><tr><td>\u2022 Seguran\u00e7a do patrim\u00f4nio e dos colaboradores<\/td><td>\u2022 Risco iminente de curto-circuito e inc\u00eandio<\/td><\/tr><\/tbody><\/table><\/figure>\n\n\n\n<h3 class=\"wp-block-heading\">A Experi\u00eancia Visual e o Comportamento de Compra<\/h3>\n\n\n\n<p class=\"wp-block-paragraph\">A ilumina\u00e7\u00e3o comercial moderna vai muito al\u00e9m de simplesmente clarear o recinto. A aplica\u00e7\u00e3o correta de perfis de LED, spots direcionais e lumin\u00e1rias de alto rendimento com \u00cdndice de Reprodu\u00e7\u00e3o de Cor (IRC) elevado influencia diretamente a decis\u00e3o de compra:<\/p>\n\n\n\n<ul class=\"wp-block-list\">\n<li><strong>Lojas e Boutiques:<\/strong> Realce de texturas e cores reais dos tecidos sem aquecer o ambiente de circula\u00e7\u00e3o.<\/li>\n\n\n\n<li><strong>Restaurantes e Bares:<\/strong> Cria\u00e7\u00e3o de cen\u00e1rios intimistas com circuitos dimeriz\u00e1veis e equil\u00edbrio t\u00e9rmico.<\/li>\n\n\n\n<li><strong>Farm\u00e1cias e Cl\u00ednicas:<\/strong> Ilumina\u00e7\u00e3o difusa, homog\u00eanea e com temperatura de cor que transmita assepsia e credibilidade.<\/li>\n<\/ul>\n\n\n\n<p class=\"wp-block-paragraph\">Quando o sistema el\u00e9trico \u00e9 mal dimensionado, a oscila\u00e7\u00e3o de tens\u00e3o provoca cintila\u00e7\u00f5es vis\u00edveis (<em>flicker<\/em>) nas l\u00e2mpadas e a queima precoce de drivers eletr\u00f4nicos, gerando um aspecto de desleixo que afasta os consumidores.<\/p>\n\n\n\n<h3 class=\"wp-block-heading\">Confiabilidade em Sistemas Cr\u00edticos (PDV, Servidores e Refrigera\u00e7\u00e3o)<\/h3>\n\n\n\n<p class=\"wp-block-paragraph\">Imagine uma sexta-feira \u00e0 noite em um restaurante lotado ou o fechamento de m\u00eas em um escrit\u00f3rio corporativo: um pico de corrente desarma o disjuntor principal, as m\u00e1quinas de cart\u00e3o perdem a comunica\u00e7\u00e3o e os computadores desligam abruptamente sem salvamento em nuvem. Em supermercados, padarias e a\u00e7ougues, a falha no fornecimento el\u00e9trico para c\u00e2maras frias e balc\u00f5es refrigerados coloca estoques perec\u00edveis sob risco de perda total imediata.<\/p>\n\n\n\n<p class=\"wp-block-paragraph\">A infraestrutura el\u00e9trica deve ser projetada para ser invis\u00edvel e resiliente, garantindo que o empres\u00e1rio concentre suas energias no faturamento, e n\u00e3o na conten\u00e7\u00e3o de falhas t\u00e9cnicas.<\/p>\n\n\n\n<hr class=\"wp-block-separator has-alpha-channel-opacity\"\/>\n\n\n\n<h2 class=\"wp-block-heading\">2. Anatomia de uma Instala\u00e7\u00e3o El\u00e9trica Comercial de Alta Performance<\/h2>\n\n\n\n<p class=\"wp-block-paragraph\">Para construir uma rede el\u00e9trica segura e est\u00e1vel, cada componente precisa ser minuciosamente dimensionado de acordo com a carga nominal e o fator de demanda da atividade comercial.<\/p>\n\n\n\n<h3 class=\"wp-block-heading\">A. O Cora\u00e7\u00e3o da Instala\u00e7\u00e3o: Quadro Geral de Distribui\u00e7\u00e3o de For\u00e7a (QGDF)<\/h3>\n\n\n\n<p class=\"wp-block-paragraph\">O quadro de distribui\u00e7\u00e3o n\u00e3o pode ser tratado como uma simples caixa met\u00e1lica de jun\u00e7\u00e3o de fios. Em estabelecimentos comerciais, ele atua como a central de controle e prote\u00e7\u00e3o patrimonial:<\/p>\n\n\n\n<ol class=\"wp-block-list\">\n<li><strong>Barramentos de Cobre Dimensionados:<\/strong> Uso de barramentos tipo pente ou espinha de peixe (fase, neutro e terra) devidamente calculados para suportar a corrente de curto-circuito presumida sem deforma\u00e7\u00f5es t\u00e9rmicas.<\/li>\n\n\n\n<li><strong>Rotulagem T\u00e9cnica e Identifica\u00e7\u00e3o de Circuitos:<\/strong> Cada disjuntor deve conter etiquetas industriais indel\u00e9veis identificando a zona atendida (Ex: <em>Circuito 04 \u2013 Tomadas Balc\u00e3o Caixa<\/em>, <em>Circuito 08 \u2013 Ar Condicionado Sala 02<\/em>). Isso agiliza qualquer interven\u00e7\u00e3o emergencial em minutos.<\/li>\n\n\n\n<li><strong>Equil\u00edbrio Trif\u00e1sico de Fases (R, S, T):<\/strong> Em redes comerciais, cargas monof\u00e1sicas pesadas (micro-ondas, cafeteiras industriais, computadores) devem ser rigorosamente balanceadas entre as tr\u00eas fases. O desbalanceamento gera corrente excessiva no condutor neutro, aquecimento anormal dos condutores e cobran\u00e7as tarif\u00e1rias extras por demanda reativa.<\/li>\n<\/ol>\n\n\n\n<h3 class=\"wp-block-heading\">B. Dispositivos de Prote\u00e7\u00e3o Mandat\u00f3rios (NBR 5410)<\/h3>\n\n\n\n<figure class=\"wp-block-table\"><table class=\"has-fixed-layout\"><thead><tr><th>Dispositivo<\/th><th>Sigla<\/th><th>Fun\u00e7\u00e3o Principal<\/th><th>Aplica\u00e7\u00e3o Comercial Cr\u00edtica<\/th><\/tr><\/thead><tbody><tr><td><strong>Disjuntor Termomagn\u00e9tico<\/strong><\/td><td>DTM<\/td><td>Prote\u00e7\u00e3o contra sobrecargas cont\u00ednuas e curto-circuitos instant\u00e2neos.<\/td><td>Prote\u00e7\u00e3o da fia\u00e7\u00e3o embutida e eletrodutos contra fus\u00e3o t\u00e9rmica.<\/td><\/tr><tr><td><strong>Interruptor Diferencial Residual<\/strong><\/td><td>DR \/ IDR<\/td><td>Detec\u00e7\u00e3o de microfugas de corrente (30mA), prevenindo choques fatais.<\/td><td>Obrigat\u00f3rio em \u00e1reas molhadas (copas, banheiros, cozinhas de restaurantes).<\/td><\/tr><tr><td><strong>Dispositivo de Prote\u00e7\u00e3o contra Surtos<\/strong><\/td><td>DPS<\/td><td>Escoamento de transientes de alta tens\u00e3o causados por raios ou manobras da rede.<\/td><td>Blindagem de servidores, TVs, centrais de alarme e terminais de venda.<\/td><\/tr><\/tbody><\/table><\/figure>\n\n\n\n<h3 class=\"wp-block-heading\">C. Dimensionamento de Cabos e Linhas de Alimenta\u00e7\u00e3o<\/h3>\n\n\n\n<p class=\"wp-block-paragraph\">O erro mais frequente em reformas r\u00e1pidas \u00e9 manter cabos de bitola insuficiente para alimentar novos maquin\u00e1rios. A queda de tens\u00e3o admiss\u00edvel pela NBR 5410 n\u00e3o deve ultrapassar <strong>4%<\/strong> a partir do ponto de entrega da concession\u00e1ria (CEMIG).<\/p>\n\n\n\n<ul class=\"wp-block-list\">\n<li><strong>Linhas dedicadas para Ar Condicionado:<\/strong> Compressores exigem alta corrente de partida (<em>inrush<\/em>) e jamais devem compartilhar canaletas ou fases com tomadas de TI.<\/li>\n\n\n\n<li><strong>Condutores Livres de Halog\u00eanios (Cabos N\u00e3o Propagantes de Chama):<\/strong> Essenciais para locais com alta circula\u00e7\u00e3o de p\u00fablico, pois n\u00e3o emitem fuma\u00e7a escura t\u00f3xica em caso de princ\u00edpio de inc\u00eandio.<\/li>\n\n\n\n<li><strong>Infraestrutura Aparente Estilosa e Segura:<\/strong> O uso de eletrocalhas perfuradas, perfilados de a\u00e7o galvanizado e tubula\u00e7\u00f5es industriais proporciona uma est\u00e9tica moderna, facilitando manuten\u00e7\u00f5es e expans\u00f5es futuras sem obras destrutivas.<\/li>\n<\/ul>\n\n\n\n<hr class=\"wp-block-separator has-alpha-channel-opacity\"\/>\n\n\n\n<h2 class=\"wp-block-heading\">3. Integra\u00e7\u00e3o Perfeita: Engenharia El\u00e9trica e Solu\u00e7\u00f5es em Drywall<\/h2>\n\n\n\n<p class=\"wp-block-paragraph\">A arquitetura comercial contempor\u00e2nea exige agilidade, sofistica\u00e7\u00e3o e funcionalidade. A uni\u00e3o entre projetos el\u00e9tricos bem estruturados e <strong>paredes e forros em gesso acartonado (Drywall)<\/strong> representa a solu\u00e7\u00e3o t\u00e9cnica ideal para com\u00e9rcios modernos em Belo Horizonte.<\/p>\n\n\n\n<p class=\"wp-block-paragraph\">Principais vantagens da infraestrutura el\u00e9trica integrada com Drywall:<\/p>\n\n\n\n<ul class=\"wp-block-list\">\n<li><strong>Facilidade de Roteamento:<\/strong> Condu\u00edtes e caixas de deriva\u00e7\u00e3o trafegam livremente pelo plenum do forro e pelo espa\u00e7o interno dos montantes met\u00e1licos (perfis de 48mm, 70mm ou 90mm), eliminando entulhos e rasgos em alvenaria.<\/li>\n\n\n\n<li><strong>Ilumina\u00e7\u00e3o Linear Embutida:<\/strong> Cria\u00e7\u00e3o de sancas invertidas, rasgos de luz cont\u00ednuos com perfis de LED e nichos t\u00e9cnicos para valoriza\u00e7\u00e3o de vitrines.<\/li>\n\n\n\n<li><strong>Isolamento Termoac\u00fastico:<\/strong> Ao projetar divis\u00f3rias de drywall com preenchimento em l\u00e3 de rocha ou l\u00e3 de vidro para salas de reuni\u00e3o ou consult\u00f3rios, o isolamento ac\u00fastico \u00e9 maximizado e a reten\u00e7\u00e3o t\u00e9rmica auxilia na redu\u00e7\u00e3o do esfor\u00e7o dos aparelhos de ar condicionado.<\/li>\n\n\n\n<li><strong>Refor\u00e7os Estruturais para Cargas Suspensas:<\/strong> Instala\u00e7\u00e3o pr\u00e9via de suportes refor\u00e7ados de a\u00e7o no interior das paredes para fixa\u00e7\u00e3o segura de quadros de comando pesados, no-breaks industriais e pain\u00e9is de atendimento ao cliente.<\/li>\n<\/ul>\n\n\n\n<hr class=\"wp-block-separator has-alpha-channel-opacity\"\/>\n\n\n\n<h2 class=\"wp-block-heading\">4. Manuten\u00e7\u00e3o Preventiva: A Chave para Evitar o &#8220;Lucro Cessante&#8221;<\/h2>\n\n\n\n<p class=\"wp-block-paragraph\">A maioria dos gestores comerciais s\u00f3 lembra da eletricidade quando a chave geral desarma no meio do expediente. No entanto, a <strong>manuten\u00e7\u00e3o corretiva emergencial chega a ser at\u00e9 5 vezes mais cara<\/strong> do que a manuten\u00e7\u00e3o preventiva planejada, sem contabilizar as perdas diretas por faturamento interrompido.<\/p>\n\n\n\n<h3 class=\"wp-block-heading\">An\u00e1lise Termogr\u00e1fica (Identifica\u00e7\u00e3o de &#8220;Pontos Quentes&#8221;)<\/h3>\n\n\n\n<p class=\"wp-block-paragraph\">A termografia el\u00e9trica \u00e9 uma t\u00e9cnica de diagn\u00f3stico n\u00e3o destrutiva que utiliza sensores infravermelhos para captar a radia\u00e7\u00e3o de calor emitida pelos componentes:<\/p>\n\n\n\n<ul class=\"wp-block-list\">\n<li><strong>Causa do Aquecimento:<\/strong> Conex\u00f5es frouxas, oxida\u00e7\u00e3o em bornes de disjuntores, sobrecarga em cabos e desequil\u00edbrio entre fases geram resist\u00eancia el\u00e9trica de contato, convertendo energia \u00fatil em calor dissipado (<strong>Efeito Joule<\/strong>).<\/li>\n\n\n\n<li><strong>Diagn\u00f3stico Precoce:<\/strong> A c\u00e2mera t\u00e9rmica identifica anomalias invis\u00edveis a olho nu antes que ocorra a queima do isolamento ou centelhamento, permitindo interven\u00e7\u00f5es r\u00e1pidas e sem desligamentos intempestivos.<\/li>\n<\/ul>\n\n\n\n<h3 class=\"wp-block-heading\">Rotina de Reaperto Din\u00e2mico de Bornes e Verifica\u00e7\u00e3o de Aterramento<\/h3>\n\n\n\n<p class=\"wp-block-paragraph\">Com as varia\u00e7\u00f5es di\u00e1rias de carga e temperatura, parafusos e terminais sofrem dilata\u00e7\u00f5es mec\u00e2nicas constantes que causam afrouxamento progressivo. Um cronograma semestral de reaperto com ferramentas isoladas restaura o contato mec\u00e2nico ideal.<\/p>\n\n\n\n<p class=\"wp-block-paragraph\">Da mesma forma, a medi\u00e7\u00e3o regular da malha de aterramento garante que equipamentos sens\u00edveis n\u00e3o acumulem eletricidade est\u00e1tica e previne que descargas atmosf\u00e9ricas atinjam os circuitos internos de TI da empresa.<\/p>\n\n\n\n<hr class=\"wp-block-separator has-alpha-channel-opacity\"\/>\n\n\n\n<h2 class=\"wp-block-heading\">5. Normas Regulamentadoras: Seguran\u00e7a do Trabalho e Conformidade Legal<\/h2>\n\n\n\n<p class=\"wp-block-paragraph\">Toda empresa comercial que possui colaboradores ou atende ao p\u00fablico est\u00e1 sujeita \u00e0 fiscaliza\u00e7\u00e3o do Minist\u00e9rio do Trabalho e do Corpo de Bombeiros Militar de Minas Gerais (CBMMG).<\/p>\n\n\n\n<ul class=\"wp-block-list\">\n<li><strong>NBR 5410 (ABNT):<\/strong> Estabelece as condi\u00e7\u00f5es m\u00ednimas de seguran\u00e7a e dimensionamento para instala\u00e7\u00f5es el\u00e9tricas de baixa tens\u00e3o.<\/li>\n\n\n\n<li><strong>NR-10:<\/strong> Norma regulamentadora que rege a seguran\u00e7a em instala\u00e7\u00f5es e servi\u00e7os em eletricidade para prote\u00e7\u00e3o de vidas e patrim\u00f4nios.<\/li>\n\n\n\n<li><strong>Instru\u00e7\u00f5es T\u00e9cnicas do CBMMG (AVCB):<\/strong> Regulariza\u00e7\u00e3o do Auto de Vistoria do Corpo de Bombeiros, exigindo rotas de fuga iluminadas, blocos aut\u00f4nomos de emerg\u00eancia e quadros el\u00e9tricos totalmente desobstru\u00eddos.<\/li>\n<\/ul>\n\n\n\n<p class=\"wp-block-paragraph\">Manter a instala\u00e7\u00e3o em conformidade normativa \u00e9 pr\u00e9-requisito b\u00e1sico para assegurar a cobertura integral de ap\u00f3lices de seguro empresarial em casos de sinistro el\u00e9trico.<\/p>\n\n\n\n<hr class=\"wp-block-separator has-alpha-channel-opacity\"\/>\n\n\n\n<h2 class=\"wp-block-heading\">6. Efici\u00eancia Energ\u00e9tica: Como Reduzir a Conta de Luz da sua Empresa<\/h2>\n\n\n\n<p class=\"wp-block-paragraph\">Reduzir custos operacionais \u00e9 a forma mais direta de elevar a margem de lucro do seu com\u00e9rcio. Medidas de efici\u00eancia energ\u00e9tica aplicadas \u00e0 engenharia el\u00e9trica geram economias imediatas:<\/p>\n\n\n\n<ol class=\"wp-block-list\">\n<li><strong>Moderniza\u00e7\u00e3o para Ilumina\u00e7\u00e3o 100% LED:<\/strong> Redu\u00e7\u00e3o do consumo com l\u00e2mpadas em at\u00e9 <strong>65%<\/strong> e diminui\u00e7\u00e3o da carga t\u00e9rmica dissipada, aliviando o trabalho dos condicionadores de ar.<\/li>\n\n\n\n<li><strong>Sensores de Presen\u00e7a e Automa\u00e7\u00e3o Setorizada:<\/strong> Instala\u00e7\u00e3o de sensores em dep\u00f3sitos, estoques, \u00e1reas de circula\u00e7\u00e3o restrita e sanit\u00e1rios.<\/li>\n\n\n\n<li><strong>Timers e Contatores para Fachadas:<\/strong> Programa\u00e7\u00e3o automatizada para acionamento de letreiros e vitrines exclusivamente nos hor\u00e1rios estrat\u00e9gicos.<\/li>\n\n\n\n<li><strong>Corre\u00e7\u00e3o do Fator de Pot\u00eancia:<\/strong> Para estabelecimentos com motores el\u00e9tricos e maquin\u00e1rios pesados, a instala\u00e7\u00e3o de bancos de capacitores elimina cobran\u00e7as de excedente de energia reativa na fatura.<\/li>\n<\/ol>\n\n\n\n<hr class=\"wp-block-separator has-alpha-channel-opacity\"\/>\n\n\n\n<h2 class=\"wp-block-heading\">7. O Diferencial Operacional: Obras e Manuten\u00e7\u00f5es Sem Paralisar seu Neg\u00f3cio<\/h2>\n\n\n\n<blockquote class=\"wp-block-quote is-layout-flow wp-block-quote-is-layout-flow\">\n<p class=\"wp-block-paragraph\"><strong>A Abordagem Especializada:<\/strong> Servi\u00e7os el\u00e9tricos comerciais de alto padr\u00e3o devem ser executados com foco total na comodidade do cliente. Interven\u00e7\u00f5es em quadros de distribui\u00e7\u00e3o, passagens de cabos pesados e altera\u00e7\u00f5es estruturais devem ser agendadas para <strong>hor\u00e1rios fora do expediente comercial<\/strong>, incluindo <strong>turnos noturnos, madrugadas e finais de semana<\/strong>.<\/p>\n<\/blockquote>\n\n\n\n<p class=\"wp-block-paragraph\">Com isolamento t\u00e9cnico de \u00e1reas e descarte limpo de res\u00edduos, seu estabelecimento comercial encerra as atividades em um dia e abre no dia seguinte com toda a infraestrutura el\u00e9trica renovada, segura e sem transtornos para as vendas.<\/p>\n\n\n\n<hr class=\"wp-block-separator has-alpha-channel-opacity\"\/>\n\n\n\n<h2 class=\"wp-block-heading\">8. Cobertura T\u00e9cnica Especializada em Belo Horizonte e Regi\u00e3o Metropolitana<\/h2>\n\n\n\n<p class=\"wp-block-paragraph\">Atendemos com agilidade log\u00edstica estruturada na capital mineira e em todo o colar metropolitano:<\/p>\n\n\n\n<ul class=\"wp-block-list\">\n<li><strong>Belo Horizonte:<\/strong> Centro, Savassi, Funcion\u00e1rios, Lourdes, Bairro S\u00e3o Geraldo, Barro Preto, Pampulha, Buritis, Belvedere, Castelo, Padre Eust\u00e1quio, Santa Efig\u00eania e demais polos de com\u00e9rcio e servi\u00e7os.<\/li>\n\n\n\n<li><strong>Regi\u00e3o Metropolitana:<\/strong> Contagem (Eldorado, Cidade Industrial), Betim, Nova Lima (Vila da Serra e Centro), Santa Luzia, Sabar\u00e1, Ribeir\u00e3o das Neves, Vespasiano, Lagoa Santa e Pedro Leopoldo.<\/li>\n<\/ul>\n\n\n\n<hr class=\"wp-block-separator has-alpha-channel-opacity\"\/>\n\n\n\n<h2 class=\"wp-block-heading\">9. Checklist R\u00e1pido: Sua Empresa Est\u00e1 Segura Hoje?<\/h2>\n\n\n\n<p class=\"wp-block-paragraph\">Fa\u00e7a uma autoavalia\u00e7\u00e3o da infraestrutura el\u00e9trica do seu neg\u00f3cio:<\/p>\n\n\n\n<ul class=\"wp-block-list\">\n<li>[ ] Os disjuntores desarmam quando v\u00e1rios aparelhos de ar condicionado ou fornos el\u00e9tricos s\u00e3o ligados juntos?<\/li>\n\n\n\n<li>[ ] O quadro el\u00e9trico possui barramentos organizados e etiquetas identificando claramente cada circuito?<\/li>\n\n\n\n<li>[ ] Existe dispositivo DR instalado e funcionando nas \u00e1reas molhadas da copa e dos banheiros?<\/li>\n\n\n\n<li>[ ] H\u00e1 presen\u00e7a de adaptadores (&#8220;benjamins&#8221;) e extens\u00f5es improvisadas conectando m\u00faltiplos computadores ou freezers?<\/li>\n\n\n\n<li>[ ] Os cabos e conex\u00f5es do quadro foram inspecionados com c\u00e2mera termogr\u00e1fica nos \u00faltimos 12 meses?<\/li>\n\n\n\n<li>[ ] A fia\u00e7\u00e3o est\u00e1 totalmente embutida ou abrigada em eletrodutos e perfilados seguros?<\/li>\n\n\n\n<li>[ ] As tomadas de computadores e caixas contam com prote\u00e7\u00e3o contra surtos (DPS)?<\/li>\n<\/ul>\n\n\n\n<p class=\"wp-block-paragraph\">Se voc\u00ea respondeu &#8220;SIM&#8221; para desarmes e gambiarras ou &#8220;N\u00c3O&#8221; para os itens de seguran\u00e7a preventiva, sua empresa necessita de uma adequa\u00e7\u00e3o t\u00e9cnica imediata para evitar riscos de acidentes e interrup\u00e7\u00f5es nas vendas.<\/p>\n\n\n\n<hr class=\"wp-block-separator has-alpha-channel-opacity\"\/>\n\n\n\n<h2 class=\"wp-block-heading\">Conquiste a Melhor Infraestrutura El\u00e9trica para suas Vendas<\/h2>\n\n\n\n<p class=\"wp-block-paragraph\">Garanta que seus computadores comerciais, ar condicionados e lumin\u00e1rias decorativas atuem livres de curtos-circuitos, quedas de disjuntores ou queima de condutores. Evite paradas na hora do faturamento com interven\u00e7\u00f5es realizadas no melhor hor\u00e1rio para o seu com\u00e9rcio.<\/p>\n\n\n\n<p class=\"wp-block-paragraph\"><a href=\"https:\/\/api.whatsapp.com\/send?phone=5531982514844&amp;text=Ol%C3%A1!%20Gostaria%20de%20solicitar%20uma%20avalia%C3%A7%C3%A3o%20el%C3%A9trica%20comercial%20para%20minha%20empresa%20em%20Belo%20Horizonte.\" target=\"_blank\" rel=\"noreferrer noopener\">FALAR COM ESPECIALISTA NO WHATSAPP<\/a><\/p>\n\n\n\n<p class=\"wp-block-paragraph\"><strong>Atendimento Direto:<\/strong> (31) 98251-4844 | Belo Horizonte e toda a Regi\u00e3o Metropolitana | Turnos diurnos, noturnos e finais de semana.<\/p>\n\n\n\n<p class=\"wp-block-paragraph\"><\/p>\n","protected":false},"excerpt":{"rendered":"<p>Guia Definitivo de Instala\u00e7\u00e3o e Manuten\u00e7\u00e3o El\u00e9trica Comercial em Belo Horizonte: Seguran\u00e7a, Efici\u00eancia e Continuidade das Vendas Em um cen\u00e1rio [&hellip;]<\/p>\n","protected":false},"author":1,"featured_media":286,"comment_status":"closed","ping_status":"open","sticky":false,"template":"","format":"standard","meta":{"site-sidebar-layout":"default","site-content-layout":"","ast-site-content-layout":"default","site-content-style":"default","site-sidebar-style":"default","ast-global-header-display":"","ast-banner-title-visibility":"","ast-main-header-display":"","ast-hfb-above-header-display":"","ast-hfb-below-header-display":"","ast-hfb-mobile-header-display":"","site-post-title":"","ast-breadcrumbs-content":"","ast-featured-img":"","footer-sml-layout":"","ast-disable-related-posts":"","theme-transparent-header-meta":"","adv-header-id-meta":"","stick-header-meta":"","header-above-stick-meta":"","header-main-stick-meta":"","header-below-stick-meta":"","astra-migrate-meta-layouts":"default","ast-page-background-enabled":"default","ast-page-background-meta":{"desktop":{"background-color":"var(--ast-global-color-5)","background-image":"","background-repeat":"repeat","background-position":"center center","background-size":"auto","background-attachment":"scroll","background-type":"","background-media":"","overlay-type":"","overlay-color":"","overlay-opacity":"","overlay-gradient":""},"tablet":{"background-color":"","background-image":"","background-repeat":"repeat","background-position":"center center","background-size":"auto","background-attachment":"scroll","background-type":"","background-media":"","overlay-type":"","overlay-color":"","overlay-opacity":"","overlay-gradient":""},"mobile":{"background-color":"","background-image":"","background-repeat":"repeat","background-position":"center center","background-size":"auto","background-attachment":"scroll","background-type":"","background-media":"","overlay-type":"","overlay-color":"","overlay-opacity":"","overlay-gradient":""}},"ast-content-background-meta":{"desktop":{"background-color":"var(--ast-global-color-4)","background-image":"","background-repeat":"repeat","background-position":"center center","background-size":"auto","background-attachment":"scroll","background-type":"","background-media":"","overlay-type":"","overlay-color":"","overlay-opacity":"","overlay-gradient":""},"tablet":{"background-color":"var(--ast-global-color-4)","background-image":"","background-repeat":"repeat","background-position":"center center","background-size":"auto","background-attachment":"scroll","background-type":"","background-media":"","overlay-type":"","overlay-color":"","overlay-opacity":"","overlay-gradient":""},"mobile":{"background-color":"var(--ast-global-color-4)","background-image":"","background-repeat":"repeat","background-position":"center center","background-size":"auto","background-attachment":"scroll","background-type":"","background-media":"","overlay-type":"","overlay-color":"","overlay-opacity":"","overlay-gradient":""}},"footnotes":""},"categories":[8],"tags":[],"class_list":["post-285","post","type-post","status-publish","format-standard","has-post-thumbnail","hentry","category-eletrica-comercial"],"_links":{"self":[{"href":"https:\/\/maiconsolucoeseletricas.com.br\/blog\/wp-json\/wp\/v2\/posts\/285","targetHints":{"allow":["GET"]}}],"collection":[{"href":"https:\/\/maiconsolucoeseletricas.com.br\/blog\/wp-json\/wp\/v2\/posts"}],"about":[{"href":"https:\/\/maiconsolucoeseletricas.com.br\/blog\/wp-json\/wp\/v2\/types\/post"}],"author":[{"embeddable":true,"href":"https:\/\/maiconsolucoeseletricas.com.br\/blog\/wp-json\/wp\/v2\/users\/1"}],"replies":[{"embeddable":true,"href":"https:\/\/maiconsolucoeseletricas.com.br\/blog\/wp-json\/wp\/v2\/comments?post=285"}],"version-history":[{"count":2,"href":"https:\/\/maiconsolucoeseletricas.com.br\/blog\/wp-json\/wp\/v2\/posts\/285\/revisions"}],"predecessor-version":[{"id":288,"href":"https:\/\/maiconsolucoeseletricas.com.br\/blog\/wp-json\/wp\/v2\/posts\/285\/revisions\/288"}],"wp:featuredmedia":[{"embeddable":true,"href":"https:\/\/maiconsolucoeseletricas.com.br\/blog\/wp-json\/wp\/v2\/media\/286"}],"wp:attachment":[{"href":"https:\/\/maiconsolucoeseletricas.com.br\/blog\/wp-json\/wp\/v2\/media?parent=285"}],"wp:term":[{"taxonomy":"category","embeddable":true,"href":"https:\/\/maiconsolucoeseletricas.com.br\/blog\/wp-json\/wp\/v2\/categories?post=285"},{"taxonomy":"post_tag","embeddable":true,"href":"https:\/\/maiconsolucoeseletricas.com.br\/blog\/wp-json\/wp\/v2\/tags?post=285"}],"curies":[{"name":"wp","href":"https:\/\/api.w.org\/{rel}","templated":true}]}}